{"id":762,"date":"2017-06-28T21:35:20","date_gmt":"2017-06-28T19:35:20","guid":{"rendered":"http:\/\/www.zwinglikirche.at\/wp\/?p=762"},"modified":"2017-07-01T10:49:45","modified_gmt":"2017-07-01T08:49:45","slug":"grussbotschaft-zu-80-jahre-schwegler-kirche","status":"publish","type":"post","link":"https:\/\/www.zwinglikirche.at\/wp\/grussbotschaft-zu-80-jahre-schwegler-kirche\/","title":{"rendered":"Gru\u00dfbotschaft zu 80 Jahre Schwegler-Kirche!"},"content":{"rendered":"<p>F\u00fcr mich als katholischer Priester hat die Schweglerkirche oder besser gesagt das ganze Pfarrzentrum der Schweglerkirche eine gro\u00dfe Bedeutung. Ich war 20 Jahre lang Vorsitzender der \u201eChristen f\u00fcr die Friedensbewegung\u201c. Unsere Zusammenkunft war regelm\u00e4\u00dfig in der Schweglerstra\u00dfe 39. Es ist nicht selbstverst\u00e4ndlich, da\u00df uns die R\u00e4umlichkeiten immer gratis zur Verf\u00fcgung gestellt wurden. Wir bekamen nicht nur den Versammlungsraum, sondern wir wurden von B\u00e1lasz N\u00e9meth und dann auch von Thomas Hennefeld auch immer gastlich bewirtet. Beide Pfarrer waren bei unserer \u00f6kumenischen Friedensarbeit auch immer mit ganzem Herzen dabei. Wir sprachen nicht von der \u00d6kumene, aber wir lebten die \u00d6kumene. Das zentrale Anliegen von Jesus ist zweifellos das Werden des Reiches Gottes in unserer Welt und das ist nichts anderes als das Werden einer menschlicheren, einer gerechteren, einer friedlicheren Welt.<\/p>\n<p>Genau diese Intention von Jesus versuchten wir in der Schweglerstra\u00dfe mit unseren bescheidenen M\u00f6glichkeiten voranzubringen. In unserem Engagement sp\u00fcrten wir keinen Unterschied ob wir katholisch oder evangelisch waren. Nach dem II. Vatikanischen Konzil wurde uns in der katholischen Kirche st\u00e4rker bewu\u00dft, da\u00df es nicht gen\u00fcgt nur eine Versorgungskirche zu sein und die Menschen mit Liturgie zu versorgen, es entstand der Begriff der Befreiungskirche. Das hei\u00dft, da\u00df die Kirche ein Instrument f\u00fcr die gesamtmenschliche Befreiung der Menschen sein soll und da\u00df sie immer eine Option f\u00fcr die Armen und Schwachen der Gesellschaft haben soll. Ich denke, da\u00df die helvetische Gemeinde in der Schweglerstra\u00dfe in den 80 Jahren ihres Bestehens immer schon eine Befreiungskirche gewesen ist. Dieses gemeinsame Engagement f\u00fcr Friede und Gerechtigkeit f\u00fchrt uns als Kirchen auch immer tiefer zusammen und l\u00e4\u00dft uns manche lithurgischen Unterschiede vergessen.<\/p>\n<p>Ich m\u00f6chte der Pfarre in der Schweglerstra\u00dfe und den Pfarrern N\u00e9meth und Hennefeld ein aufrichtiges Danke sagen und ich w\u00fcnsche dieser wunderbaren Pfarre, da\u00df auch in Zukunft der Heilige Geist in ihr so augenscheinlich wie bisher wirken m\u00f6ge.<\/p>\n<p>Franz Sieder<\/p>\n<div class=\"ap-custom-wrapper\"><\/div><!--ap-custom-wrapper-->","protected":false},"excerpt":{"rendered":"<p>F\u00fcr mich als katholischer Priester hat die Schweglerkirche oder besser gesagt das ganze Pfarrzentrum der Schweglerkirche eine gro\u00dfe Bedeutung. Ich war 20 Jahre lang Vorsitzender der \u201eChristen f\u00fcr die Friedensbewegung\u201c. Unsere Zusammenkunft war regelm\u00e4\u00dfig in<\/p>\n","protected":false},"author":3,"featured_media":0,"comment_status":"closed","ping_status":"closed","sticky":false,"template":"","format":"standard","meta":{"give_campaign_id":0,"_price":"","_stock":"","_tribe_ticket_header":"","_tribe_default_ticket_provider":"","_tribe_ticket_capacity":"0","_ticket_start_date":"","_ticket_end_date":"","_tribe_ticket_show_description":"","_tribe_ticket_show_not_going":false,"_tribe_ticket_use_global_stock":"","_tribe_ticket_global_stock_level":"","_global_stock_mode":"","_global_stock_cap":"","_tribe_rsvp_for_event":"","_tribe_ticket_going_count":"","_tribe_ticket_not_going_count":"","_tribe_tickets_list":"[]","_tribe_ticket_has_attendee_info_fields":false,"footnotes":""},"categories":[3,4],"tags":[],"class_list":["post-762","post","type-post","status-publish","format-standard","hentry","category-gaestebuch","category-jubilaeum-80-jahre-zwinglikirche"],"_links":{"self":[{"href":"https:\/\/www.zwinglikirche.at\/wp\/wp-json\/wp\/v2\/posts\/762","targetHints":{"allow":["GET"]}}],"collection":[{"href":"https:\/\/www.zwinglikirche.at\/wp\/wp-json\/wp\/v2\/posts"}],"about":[{"href":"https:\/\/www.zwinglikirche.at\/wp\/wp-json\/wp\/v2\/types\/post"}],"author":[{"embeddable":true,"href":"https:\/\/www.zwinglikirche.at\/wp\/wp-json\/wp\/v2\/users\/3"}],"replies":[{"embeddable":true,"href":"https:\/\/www.zwinglikirche.at\/wp\/wp-json\/wp\/v2\/comments?post=762"}],"version-history":[{"count":0,"href":"https:\/\/www.zwinglikirche.at\/wp\/wp-json\/wp\/v2\/posts\/762\/revisions"}],"wp:attachment":[{"href":"https:\/\/www.zwinglikirche.at\/wp\/wp-json\/wp\/v2\/media?parent=762"}],"wp:term":[{"taxonomy":"category","embeddable":true,"href":"https:\/\/www.zwinglikirche.at\/wp\/wp-json\/wp\/v2\/categories?post=762"},{"taxonomy":"post_tag","embeddable":true,"href":"https:\/\/www.zwinglikirche.at\/wp\/wp-json\/wp\/v2\/tags?post=762"}],"curies":[{"name":"wp","href":"https:\/\/api.w.org\/{rel}","templated":true}]}}